{"id":242,"date":"2009-05-18T10:50:41","date_gmt":"2009-05-18T08:50:41","guid":{"rendered":"http:\/\/monnikonetmoi.be\/?p=242"},"modified":"2019-12-07T11:53:36","modified_gmt":"2019-12-07T10:53:36","slug":"test-article","status":"publish","type":"post","link":"https:\/\/monnikonetmoi.be\/index.php\/2009\/05\/18\/test-article\/","title":{"rendered":"La r\u00e9serve de chasse du domaine national de Chambord"},"content":{"rendered":"\n<p class=\"has-medium-font-size\"> Deux pr\u00e9c\u00e9dents articles vous ont d\u00e9j\u00e0 pr\u00e9sent\u00e9 le domaine national de Chambord, territoire prestigieux de Sologne o\u00f9 Fran\u00e7ois 1er avait choisi de faire \u00e9difier son relais de chasse, rien de moins que le plus prestigieux des ch\u00e2teaux de la Loire, bien que n&rsquo;y ayant pourtant s\u00e9journ\u00e9 que 32 ou 34 jours selon les sources.&nbsp; M\u00eame si nombre de visiteurs semblent l&rsquo;ignorer, Chambord ce n&rsquo;est pas que ce chef d&rsquo;\u0153uvre majestueux de la Renaissance fran\u00e7aise. Loin s&rsquo;en faut \u2026 Raison qui m&rsquo;a pouss\u00e9 \u00e0 vous inviter \u00e0 une approche plus d\u00e9taill\u00e9e de sa faune et de sa flore. <\/p>\n\n\n\n<h3 class=\"wp-block-heading\">Le parc du domaine et la R\u00e9serve Nationale de Chasse et de Faune Sauvage<\/h3>\n\n\n\n<figure class=\"wp-block-image\"><img loading=\"lazy\" decoding=\"async\" width=\"1024\" height=\"784\" src=\"http:\/\/monnikonetmoi.be\/wp-content\/uploads\/2009\/05\/DSC_97692014-06-25-1024x784.jpg\" alt=\"\" class=\"wp-image-337\"\/><figcaption>Juste quelques jours de vie &#8230;<\/figcaption><\/figure>\n\n\n\n<p>Pour un chasseur, un amateur de nature, d&rsquo;observation et\/ou de photographie de la faune sauvage, c&rsquo;est tout autour, dans l&rsquo;\u00e9crin abritant ce joyau, pas moins de 5.540 hectares de pin\u00e8des, ch\u00eanaies, landes, marais, \u00e9tangs, clairi\u00e8res et prairies (+\/- 150 ha), ceints de 32 km de murs d&rsquo;une hauteur de 2 m\u00e8tres 50, que cela se passe.<\/p>\n\n\n\n<p>Une zone, de plus de 1.000 hectares, est ouverte et librement accessible au public. On y trouve les aires de pique-nique, pistes cyclables et cavali\u00e8res, circuits p\u00e9destres et VTT, aires d&rsquo;observations et miradors. Par contre, la partie bois\u00e9e la plus importante du domaine constitue la R\u00e9serve Nationale de Chasse et de Faune Sauvage, qui abrite cerfs, biches et faons ; sangliers, deux principaux groupes de mouflons, ainsi que des chevreuils particuli\u00e8rement discrets.<\/p>\n\n\n\n<p>Alors m\u00eame qu&rsquo;il n&rsquo;est pas rare que beaucoup de visiteurs des aires d&rsquo;observation se comportent comme s&rsquo;ils se trouvaient dans un parc animalier, il convient de particuli\u00e8rement insister sur le caract\u00e8re totalement sauvage du nombreux gibier qui peuple le domaine ; bien que vivant et se reproduisant dans un espace clos, il y \u00e9volue dans la plus totale libert\u00e9.<\/p>\n\n\n\n<h3 class=\"wp-block-heading\">Les aires d&rsquo;observation et miradors<\/h3>\n\n\n\n<p>Afin de permettre au public de contempler la faune de Chambord, il existe cinq grands observatoires pouvant chacun accueillir une vingtaine d&rsquo;adultes ; soit, au d\u00e9part du ch\u00e2teau, deux \u00e0 droite de la Route Fran\u00e7ois 1er (direction Muides) : celui de la Pi\u00e8ce du Ch\u00eane, et, un peu plus loin, celui de la Gabilli\u00e8re ; deux de part et d&rsquo;autre de la Route de la Commission (direction Thoury) : celui de la Ricanini\u00e8re (\u00e0 gauche) et celui du Rond B\u00e9atrix (\u00e0 droite) ; le cinqui\u00e8me \u00e0 proximit\u00e9 du parking 2 : celui du Rond Caroline.<br>Si l&rsquo;on peut acc\u00e9der au parking situ\u00e9 \u00e0 quelques dizaines de m\u00e8tres des quatre premiers avec un v\u00e9hicule, m\u00eame avec un camping-car, il n&rsquo;en va pas de m\u00eame pour le Rond Caroline, qui, pour \u00eatre atteint, n\u00e9cessite quelques centaines de m\u00e8tres de marche au d\u00e9part du parking 1, ou de celui r\u00e9serv\u00e9 aux camping-cars et autocars, le parking 2, plus proche du Rond Caroline, n&rsquo;\u00e9tant ouvert qu&rsquo;en cas d&rsquo;affluence.<\/p>\n\n\n\n<p>Quatre miradors plus petits sont \u00e9galement accessibles, deux de part et d&rsquo;autre de la Ferme de la Hanneti\u00e8re &#8211; o\u00f9 r\u00e9p\u00e8tent \u00a0\u00bb Les Trompes de l&rsquo;\u00e9cole de Chambord \u00ab\u00a0, qui r\u00e9sonnent agr\u00e9ablement dans la for\u00eat alentour les lundis et jeudis soir &#8211; accessible au d\u00e9part de la Route Fran\u00e7ois 1er, les deux autres : celui de la Canardi\u00e8re et celui de la Chapelle, \u00e9tant situ\u00e9s le long du Cosson, rivi\u00e8re qui traverse le domaine. Un parking, atteignable via la Route de la Commission, est situ\u00e9 non loin de la Canardi\u00e8re, au d\u00e9part du m\u00eame parking, le second peut \u00eatre atteint, apr\u00e8s quelques centaines de m\u00e8tres de marche, en franchissant puis longeant le Cosson, rivi\u00e8re qui traverse le domaine.<\/p>\n\n\n\n<p>Observatoires et miradors sont install\u00e9s en bordure de prairies de superficie variable jouxtant la for\u00eat, o\u00f9 le gibier sort volontiers pour chercher sa nourriture, de nombreuses sortes d&rsquo;oiseaux, rares sinon inconnues en Wallonie, lui faisant escorte, emplissant l&rsquo;air de leurs chants et p\u00e9piements. Cependant, ne nous m\u00e9prenons pas, il faut parfois faire preuve de patience et attendre un certain temps en silence, avant que du gibier n&rsquo;apparaisse.<\/p>\n\n\n\n<p>Toutefois, les aires d&rsquo;observation et miradors ne sont pas la seule mani\u00e8re de d\u00e9couvrir le gibier.<\/p>\n\n\n\n<h3 class=\"wp-block-heading\">Visite de la r\u00e9serve de chasse en 4&#215;4<\/h3>\n\n\n\n<p>Plusieurs fois par jour, selon des horaires affich\u00e9s \u00e0 l&rsquo;accueil ainsi que dans l&rsquo;agenda du site :&nbsp;<a target=\"_blank\" href=\"http:\/\/www.chambord.org\/\" rel=\"noreferrer noopener\">http:\/\/www.chambord.org<\/a>&nbsp;(il est prudent de r\u00e9server !), une visite de la r\u00e9serve en 4&#215;4 : Land Rover Defender pouvant emmener 8 passagers, d&rsquo;une dur\u00e9e d&rsquo;une heure trente environ, sur un trajet de 30\/40 km, est organis\u00e9e au d\u00e9part de la place se trouvant pr\u00e8s de la billetterie et du stand d&rsquo;information, face aux diff\u00e9rents commerces et \u00e0 c\u00f4t\u00e9 de l&rsquo;h\u00f4tel du grand saint Michel.<\/p>\n\n\n\n<p>En basse saison, on d\u00e9marre devant l&rsquo;entr\u00e9e principale du ch\u00e2teau.<\/p>\n\n\n\n<p>Bien qu&rsquo;il soit parfois suppl\u00e9\u00e9 par un jeune coll\u00e8gue contractuel sympathique et comp\u00e9tent, le guide et chauffeur habituel est un forestier de l&rsquo;Office National des For\u00eats (ONF), M. Fran\u00e7ois Coutant, initiateur de la formule, attach\u00e9 \u00e0 Chambord depuis de nombreuses ann\u00e9es, durant lesquelles il s&rsquo;est acquitt\u00e9 de diverses missions, dont celle de coordonner l&rsquo;entretien et la r\u00e9fection des 32 km de murs ceignant le prestigieux domaine.<\/p>\n\n\n\n<p>D&#8217;embl\u00e9e, ce passionn\u00e9, photographe aguerri et \u00a0\u00bb canoniste \u00a0\u00bb convaincu, connaissant le domaine et son histoire comme sa poche, c&rsquo;est peu de le dire, vous communique sa passion et vous fournit une foule d&rsquo;informations sur l&rsquo;\u00e9volution du domaine au fil des si\u00e8cles, ses anecdotes, la for\u00eat solognote, ses sp\u00e9cificit\u00e9s, sa flore et sa faune, attirant notamment l&rsquo;attention de ses passagers sur le fait que, malgr\u00e9 l&rsquo;importance des populations apr\u00e8s naissances (+\/- 700 cerfs, 1.300 sangliers, 100 mouflons, 200 chevreuils), s&rsquo;agissant de gibier totalement sauvage, sa rencontre n&rsquo;est pas pour autant syst\u00e9matique et garantie, notamment en \u00e9t\u00e9 lorsque la v\u00e9g\u00e9tation est \u00e0 son apog\u00e9e.<\/p>\n\n\n\n<p>Aussi, durant toute la randonn\u00e9e, votre attention devra-t-elle \u00eatre en \u00e9veil, si vous voulez d\u00e9celer sa pr\u00e9sence et vivre pleinement ces rencontres magiques, qui feront que vous repartirez chez vous des images et souvenirs merveilleux plein la t\u00eate, et contracterez peut-\u00eatre, vous aussi, le virus de Chambord qui vous y ram\u00e8nera plusieurs fois par an au fil des saisons, repartant chaque fois \u00e0 regret avec un go\u00fbt de trop peu.<\/p>\n\n\n\n<p>Pourtant, il est \u00e9vident que, s&rsquo;il int\u00e9resse les h\u00f4tes de la r\u00e9serve, le passage de la Land ne les perturbe pas, d&rsquo;autant qu&rsquo;il est strictement interdit d&rsquo;en descendre, m\u00eame pour r\u00e9aliser \u00a0\u00bb la \u00a0\u00bb photo de ses r\u00eaves, le respect du gibier et de sa qui\u00e9tude \u00e9tant la r\u00e8gle lorsque l&rsquo;on a le privil\u00e8ge de pouvoir p\u00e9n\u00e9trer dans la r\u00e9serve.<\/p>\n\n\n\n<p>Le d\u00e9but du printemps, alors que la v\u00e9g\u00e9tation commence seulement \u00e0 reverdir, notamment les foug\u00e8res, est particuli\u00e8rement favorable aux rencontres, encore que les sangliers, se souvenant manifestement que les m\u00eames 4&#215;4 ont \u00e9t\u00e9 utilis\u00e9s de novembre \u00e0 mars pour poster les participants aux 13 battues en vue de les r\u00e9guler, soient particuli\u00e8rement m\u00e9fiants et discrets \u00e0 cette \u00e9poque, cette d\u00e9fiance s&rsquo;estompant n\u00e9anmoins au fil des semaines.<\/p>\n\n\n\n<p>Une halte \u00e0 l&rsquo;ancienne ferme de la Guillionni\u00e8re permet de visiter la plus grande salle des troph\u00e9es de cerf de France (400 pi\u00e8ces expos\u00e9es), o\u00f9 vous aurez le privil\u00e8ge de d\u00e9couvrir l&rsquo;\u00e9volution des bois d&rsquo;un m\u00eame cerf durant sept ans, avant celle d\u00e9di\u00e9e au sanglier o\u00f9 l&rsquo;on d\u00e9couvre de fort int\u00e9ressantes vid\u00e9os, outre, comme dans la pr\u00e9c\u00e9dente, une multitude de troph\u00e9es et des sangliers naturalis\u00e9s, certaines fort impressionnants et \u00e9tonnants.<\/p>\n\n\n\n<p>Au fil de votre visite au parfum d&rsquo;aventure, peut-\u00eatre d\u00e9couvrirez-vous le pavillon de chasse du pr\u00e9sident Georges Pompidou, construit au bord de l&rsquo;un des plus beaux \u00e9tangs de la r\u00e9serve.<\/p>\n\n\n\n<p>Pour la petite histoire, apr\u00e8s Georges Pompidou, Val\u00e9ry Giscard d&rsquo;Estaing a \u00e9t\u00e9 le dernier pr\u00e9sident de la r\u00e9publique \u00e0 avoir r\u00e9guli\u00e8rement chass\u00e9 et fait organiser des chasses \u00e0 Chambord, ses successeurs ne partageant manifestement pas cette passion. Les miradors de battue que l&rsquo;on peut encore voir le long des all\u00e9es avaient d&rsquo;ailleurs \u00e9t\u00e9 \u00e9difi\u00e9s \u00e0 sa demande.<br><br>Peu avant la fin de votre p\u00e9riple en for\u00eat, en point d&rsquo;orgue vous aurez le plaisir de d\u00e9couvrir le balbuzard p\u00eacheur, dont un couple niche chaque ann\u00e9e depuis 12 ans \u00e0 proximit\u00e9 de l&rsquo;all\u00e9e du Roi, d&rsquo;o\u00f9 vous aurez une vue exceptionnelle et in\u00e9dite sur le ch\u00e2teau, ainsi que les rois le d\u00e9couvraient au retour de la chasse.<\/p>\n\n\n\n<p>A l&rsquo;arriv\u00e9e, comme pour toute chose que l&rsquo;on a particuli\u00e8rement appr\u00e9ci\u00e9e, sans doute serez-vous, comme moi, envahi d&rsquo;un \u00e9norme regret : que ces moments d&rsquo;\u00e9vasion et de d\u00e9couverte de la faune et de la flore au c\u0153ur d&rsquo;un domaine exceptionnel, sous la conduite d&rsquo;un guide sympathique et combien passionn\u00e9 et connaisseur, se terminent d\u00e9j\u00e0 !<br><br>Peut-\u00eatre serez-vous, vous aussi, v\u00e9ritablement ensorcel\u00e9 par ce havre de paix, et n&rsquo;aurez-vous qu&rsquo;une envie, y revenir pour, une fois encore, vous impr\u00e9gner de ces moments hors du temps et de ces rencontres fugaces au parfum de myst\u00e8re\u2026<\/p>\n\n\n\n<figure class=\"wp-block-embed\"><div class=\"wp-block-embed__wrapper\">\nhttp:\/\/www.solitaireardennais.be\/press\/article_det.php?TimeStamp=1242646080&#038;IS=99\n<\/div><\/figure>\n","protected":false},"excerpt":{"rendered":"","protected":false},"author":2,"featured_media":107,"comment_status":"closed","ping_status":"closed","sticky":false,"template":"","format":"standard","meta":{"footnotes":""},"categories":[17,16],"tags":[],"class_list":["post-242","post","type-post","status-publish","format-standard","has-post-thumbnail","hentry","category-chambord","category-decouverte"],"yoast_head":"<!-- This site is optimized with the Yoast SEO plugin v26.3 - https:\/\/yoast.com\/wordpress\/plugins\/seo\/ -->\n<title>La r\u00e9serve de chasse du domaine national de Chambord - Mon nikon et moi<\/title>\n<meta name=\"robots\" content=\"index, follow, max-snippet:-1, max-image-preview:large, max-video-preview:-1\" \/>\n<link rel=\"canonical\" href=\"https:\/\/monnikonetmoi.be\/index.php\/2009\/05\/18\/test-article\/\" \/>\n<meta property=\"og:locale\" content=\"fr_FR\" \/>\n<meta property=\"og:type\" content=\"article\" \/>\n<meta property=\"og:title\" content=\"La r\u00e9serve de chasse du domaine national de Chambord - Mon nikon et moi\" \/>\n<meta property=\"og:url\" content=\"https:\/\/monnikonetmoi.be\/index.php\/2009\/05\/18\/test-article\/\" \/>\n<meta property=\"og:site_name\" content=\"Mon nikon et moi\" \/>\n<meta property=\"article:published_time\" content=\"2009-05-18T08:50:41+00:00\" \/>\n<meta property=\"article:modified_time\" content=\"2019-12-07T10:53:36+00:00\" \/>\n<meta property=\"og:image\" content=\"https:\/\/monnikonetmoi.be\/wp-content\/uploads\/2018\/12\/DSC_93942018-09-28_18-01-21-1024x700.jpg\" \/>\n\t<meta property=\"og:image:width\" content=\"1024\" \/>\n\t<meta property=\"og:image:height\" content=\"700\" \/>\n\t<meta property=\"og:image:type\" content=\"image\/jpeg\" \/>\n<meta name=\"author\" content=\"Jean Comp\u00e8re\" \/>\n<meta name=\"twitter:card\" content=\"summary_large_image\" \/>\n<meta name=\"twitter:label1\" content=\"\u00c9crit par\" \/>\n\t<meta name=\"twitter:data1\" content=\"Jean Comp\u00e8re\" \/>\n\t<meta name=\"twitter:label2\" content=\"Dur\u00e9e de lecture estim\u00e9e\" \/>\n\t<meta name=\"twitter:data2\" content=\"8 minutes\" \/>\n<script type=\"application\/ld+json\" class=\"yoast-schema-graph\">{\"@context\":\"https:\/\/schema.org\",\"@graph\":[{\"@type\":\"WebPage\",\"@id\":\"https:\/\/monnikonetmoi.be\/index.php\/2009\/05\/18\/test-article\/\",\"url\":\"https:\/\/monnikonetmoi.be\/index.php\/2009\/05\/18\/test-article\/\",\"name\":\"La r\u00e9serve de chasse du domaine national de Chambord - Mon nikon et moi\",\"isPartOf\":{\"@id\":\"https:\/\/monnikonetmoi.be\/#website\"},\"primaryImageOfPage\":{\"@id\":\"https:\/\/monnikonetmoi.be\/index.php\/2009\/05\/18\/test-article\/#primaryimage\"},\"image\":{\"@id\":\"https:\/\/monnikonetmoi.be\/index.php\/2009\/05\/18\/test-article\/#primaryimage\"},\"thumbnailUrl\":\"https:\/\/monnikonetmoi.be\/wp-content\/uploads\/2018\/12\/DSC_93942018-09-28_18-01-21.jpg\",\"datePublished\":\"2009-05-18T08:50:41+00:00\",\"dateModified\":\"2019-12-07T10:53:36+00:00\",\"author\":{\"@id\":\"https:\/\/monnikonetmoi.be\/#\/schema\/person\/c0c12b8362f003366cde20d3deff861b\"},\"breadcrumb\":{\"@id\":\"https:\/\/monnikonetmoi.be\/index.php\/2009\/05\/18\/test-article\/#breadcrumb\"},\"inLanguage\":\"fr-FR\",\"potentialAction\":[{\"@type\":\"ReadAction\",\"target\":[\"https:\/\/monnikonetmoi.be\/index.php\/2009\/05\/18\/test-article\/\"]}]},{\"@type\":\"ImageObject\",\"inLanguage\":\"fr-FR\",\"@id\":\"https:\/\/monnikonetmoi.be\/index.php\/2009\/05\/18\/test-article\/#primaryimage\",\"url\":\"https:\/\/monnikonetmoi.be\/wp-content\/uploads\/2018\/12\/DSC_93942018-09-28_18-01-21.jpg\",\"contentUrl\":\"https:\/\/monnikonetmoi.be\/wp-content\/uploads\/2018\/12\/DSC_93942018-09-28_18-01-21.jpg\",\"width\":3335,\"height\":2280},{\"@type\":\"BreadcrumbList\",\"@id\":\"https:\/\/monnikonetmoi.be\/index.php\/2009\/05\/18\/test-article\/#breadcrumb\",\"itemListElement\":[{\"@type\":\"ListItem\",\"position\":1,\"name\":\"Accueil\",\"item\":\"https:\/\/monnikonetmoi.be\/\"},{\"@type\":\"ListItem\",\"position\":2,\"name\":\"La r\u00e9serve de chasse du domaine national de Chambord\"}]},{\"@type\":\"WebSite\",\"@id\":\"https:\/\/monnikonetmoi.be\/#website\",\"url\":\"https:\/\/monnikonetmoi.be\/\",\"name\":\"Mon nikon et moi\",\"description\":\"Les aventures d&#039;un photographe animalier\",\"potentialAction\":[{\"@type\":\"SearchAction\",\"target\":{\"@type\":\"EntryPoint\",\"urlTemplate\":\"https:\/\/monnikonetmoi.be\/?s={search_term_string}\"},\"query-input\":{\"@type\":\"PropertyValueSpecification\",\"valueRequired\":true,\"valueName\":\"search_term_string\"}}],\"inLanguage\":\"fr-FR\"},{\"@type\":\"Person\",\"@id\":\"https:\/\/monnikonetmoi.be\/#\/schema\/person\/c0c12b8362f003366cde20d3deff861b\",\"name\":\"Jean Comp\u00e8re\",\"image\":{\"@type\":\"ImageObject\",\"inLanguage\":\"fr-FR\",\"@id\":\"https:\/\/monnikonetmoi.be\/#\/schema\/person\/image\/\",\"url\":\"https:\/\/secure.gravatar.com\/avatar\/22db0e43f0f245f045b089dafa1adfe01f1d64730855108a83490b17e47aa237?s=96&r=g\",\"contentUrl\":\"https:\/\/secure.gravatar.com\/avatar\/22db0e43f0f245f045b089dafa1adfe01f1d64730855108a83490b17e47aa237?s=96&r=g\",\"caption\":\"Jean Comp\u00e8re\"},\"description\":\"N\u00e9 le 18 octobre 1949 en bordure de Vesdre, aux portes de l'Ardenne, ayant d\u00e9couvert la chasse \u00e0 34 ans, en 1983, particuli\u00e8rement au grand gibier en Ardenne. Au fil des ans, le Nikon s'est de plus en plus substitu\u00e9 \u00e0 la carabine, en fait depuis le d\u00e9but des ann\u00e9es 2000, \u00e0 Chambord et en Sologne surtout, o\u00f9 on trouve des infrastructures publiques d'accueil faisant d\u00e9faut en Wallonie... comme partout ailleurs \u00e0 ma connaissance. Sans aucune ambition artistique, mon but n'est que d'immortaliser des rencontres documentaires en esp\u00e9rant vous les faire partager, voire appr\u00e9cier !\",\"url\":\"https:\/\/monnikonetmoi.be\/index.php\/author\/nikon_user\/\"}]}<\/script>\n<!-- \/ Yoast SEO plugin. -->","yoast_head_json":{"title":"La r\u00e9serve de chasse du domaine national de Chambord - Mon nikon et moi","robots":{"index":"index","follow":"follow","max-snippet":"max-snippet:-1","max-image-preview":"max-image-preview:large","max-video-preview":"max-video-preview:-1"},"canonical":"https:\/\/monnikonetmoi.be\/index.php\/2009\/05\/18\/test-article\/","og_locale":"fr_FR","og_type":"article","og_title":"La r\u00e9serve de chasse du domaine national de Chambord - Mon nikon et moi","og_url":"https:\/\/monnikonetmoi.be\/index.php\/2009\/05\/18\/test-article\/","og_site_name":"Mon nikon et moi","article_published_time":"2009-05-18T08:50:41+00:00","article_modified_time":"2019-12-07T10:53:36+00:00","og_image":[{"width":1024,"height":700,"url":"https:\/\/monnikonetmoi.be\/wp-content\/uploads\/2018\/12\/DSC_93942018-09-28_18-01-21-1024x700.jpg","type":"image\/jpeg"}],"author":"Jean Comp\u00e8re","twitter_card":"summary_large_image","twitter_misc":{"\u00c9crit par":"Jean Comp\u00e8re","Dur\u00e9e de lecture estim\u00e9e":"8 minutes"},"schema":{"@context":"https:\/\/schema.org","@graph":[{"@type":"WebPage","@id":"https:\/\/monnikonetmoi.be\/index.php\/2009\/05\/18\/test-article\/","url":"https:\/\/monnikonetmoi.be\/index.php\/2009\/05\/18\/test-article\/","name":"La r\u00e9serve de chasse du domaine national de Chambord - Mon nikon et moi","isPartOf":{"@id":"https:\/\/monnikonetmoi.be\/#website"},"primaryImageOfPage":{"@id":"https:\/\/monnikonetmoi.be\/index.php\/2009\/05\/18\/test-article\/#primaryimage"},"image":{"@id":"https:\/\/monnikonetmoi.be\/index.php\/2009\/05\/18\/test-article\/#primaryimage"},"thumbnailUrl":"https:\/\/monnikonetmoi.be\/wp-content\/uploads\/2018\/12\/DSC_93942018-09-28_18-01-21.jpg","datePublished":"2009-05-18T08:50:41+00:00","dateModified":"2019-12-07T10:53:36+00:00","author":{"@id":"https:\/\/monnikonetmoi.be\/#\/schema\/person\/c0c12b8362f003366cde20d3deff861b"},"breadcrumb":{"@id":"https:\/\/monnikonetmoi.be\/index.php\/2009\/05\/18\/test-article\/#breadcrumb"},"inLanguage":"fr-FR","potentialAction":[{"@type":"ReadAction","target":["https:\/\/monnikonetmoi.be\/index.php\/2009\/05\/18\/test-article\/"]}]},{"@type":"ImageObject","inLanguage":"fr-FR","@id":"https:\/\/monnikonetmoi.be\/index.php\/2009\/05\/18\/test-article\/#primaryimage","url":"https:\/\/monnikonetmoi.be\/wp-content\/uploads\/2018\/12\/DSC_93942018-09-28_18-01-21.jpg","contentUrl":"https:\/\/monnikonetmoi.be\/wp-content\/uploads\/2018\/12\/DSC_93942018-09-28_18-01-21.jpg","width":3335,"height":2280},{"@type":"BreadcrumbList","@id":"https:\/\/monnikonetmoi.be\/index.php\/2009\/05\/18\/test-article\/#breadcrumb","itemListElement":[{"@type":"ListItem","position":1,"name":"Accueil","item":"https:\/\/monnikonetmoi.be\/"},{"@type":"ListItem","position":2,"name":"La r\u00e9serve de chasse du domaine national de Chambord"}]},{"@type":"WebSite","@id":"https:\/\/monnikonetmoi.be\/#website","url":"https:\/\/monnikonetmoi.be\/","name":"Mon nikon et moi","description":"Les aventures d&#039;un photographe animalier","potentialAction":[{"@type":"SearchAction","target":{"@type":"EntryPoint","urlTemplate":"https:\/\/monnikonetmoi.be\/?s={search_term_string}"},"query-input":{"@type":"PropertyValueSpecification","valueRequired":true,"valueName":"search_term_string"}}],"inLanguage":"fr-FR"},{"@type":"Person","@id":"https:\/\/monnikonetmoi.be\/#\/schema\/person\/c0c12b8362f003366cde20d3deff861b","name":"Jean Comp\u00e8re","image":{"@type":"ImageObject","inLanguage":"fr-FR","@id":"https:\/\/monnikonetmoi.be\/#\/schema\/person\/image\/","url":"https:\/\/secure.gravatar.com\/avatar\/22db0e43f0f245f045b089dafa1adfe01f1d64730855108a83490b17e47aa237?s=96&r=g","contentUrl":"https:\/\/secure.gravatar.com\/avatar\/22db0e43f0f245f045b089dafa1adfe01f1d64730855108a83490b17e47aa237?s=96&r=g","caption":"Jean Comp\u00e8re"},"description":"N\u00e9 le 18 octobre 1949 en bordure de Vesdre, aux portes de l'Ardenne, ayant d\u00e9couvert la chasse \u00e0 34 ans, en 1983, particuli\u00e8rement au grand gibier en Ardenne. Au fil des ans, le Nikon s'est de plus en plus substitu\u00e9 \u00e0 la carabine, en fait depuis le d\u00e9but des ann\u00e9es 2000, \u00e0 Chambord et en Sologne surtout, o\u00f9 on trouve des infrastructures publiques d'accueil faisant d\u00e9faut en Wallonie... comme partout ailleurs \u00e0 ma connaissance. Sans aucune ambition artistique, mon but n'est que d'immortaliser des rencontres documentaires en esp\u00e9rant vous les faire partager, voire appr\u00e9cier !","url":"https:\/\/monnikonetmoi.be\/index.php\/author\/nikon_user\/"}]}},"_links":{"self":[{"href":"https:\/\/monnikonetmoi.be\/index.php\/wp-json\/wp\/v2\/posts\/242","targetHints":{"allow":["GET"]}}],"collection":[{"href":"https:\/\/monnikonetmoi.be\/index.php\/wp-json\/wp\/v2\/posts"}],"about":[{"href":"https:\/\/monnikonetmoi.be\/index.php\/wp-json\/wp\/v2\/types\/post"}],"author":[{"embeddable":true,"href":"https:\/\/monnikonetmoi.be\/index.php\/wp-json\/wp\/v2\/users\/2"}],"replies":[{"embeddable":true,"href":"https:\/\/monnikonetmoi.be\/index.php\/wp-json\/wp\/v2\/comments?post=242"}],"version-history":[{"count":10,"href":"https:\/\/monnikonetmoi.be\/index.php\/wp-json\/wp\/v2\/posts\/242\/revisions"}],"predecessor-version":[{"id":900,"href":"https:\/\/monnikonetmoi.be\/index.php\/wp-json\/wp\/v2\/posts\/242\/revisions\/900"}],"wp:featuredmedia":[{"embeddable":true,"href":"https:\/\/monnikonetmoi.be\/index.php\/wp-json\/wp\/v2\/media\/107"}],"wp:attachment":[{"href":"https:\/\/monnikonetmoi.be\/index.php\/wp-json\/wp\/v2\/media?parent=242"}],"wp:term":[{"taxonomy":"category","embeddable":true,"href":"https:\/\/monnikonetmoi.be\/index.php\/wp-json\/wp\/v2\/categories?post=242"},{"taxonomy":"post_tag","embeddable":true,"href":"https:\/\/monnikonetmoi.be\/index.php\/wp-json\/wp\/v2\/tags?post=242"}],"curies":[{"name":"wp","href":"https:\/\/api.w.org\/{rel}","templated":true}]}}