{"id":253,"date":"2007-01-29T08:44:41","date_gmt":"2007-01-29T07:44:41","guid":{"rendered":"http:\/\/monnikonetmoi.be\/?p=253"},"modified":"2019-12-07T11:46:22","modified_gmt":"2019-12-07T10:46:22","slug":"chambord-le-chateau-la-foret-et-la-faune-vous-revelent-leurs-secrets","status":"publish","type":"post","link":"https:\/\/monnikonetmoi.be\/index.php\/2007\/01\/29\/chambord-le-chateau-la-foret-et-la-faune-vous-revelent-leurs-secrets\/","title":{"rendered":"CHAMBORD : Le ch\u00e2teau, la for\u00eat et la faune vous r\u00e9v\u00e8lent leurs secrets\u2026"},"content":{"rendered":"\n<h2 class=\"wp-block-heading\">Histoire et architecture<\/h2>\n\n\n\n<p>Le ch\u00e2teau de Chambord, avec ses 128m de fa\u00e7ade, 440 pi\u00e8ces, 365 chemin\u00e9es et 83 escaliers, se tient \u00e0 quelques lieues de Blois, en Sologne. Palais embl\u00e9matique de la premi\u00e8re Renaissance Fran\u00e7aise, le ch\u00e2teau de Fran\u00e7ois 1er constitue aujourd&rsquo;hui une \u00e9tape incontournable dans le circuit des ch\u00e2teaux de la Loire. C&rsquo;est au c\u0153ur d&rsquo;une vaste for\u00eat giboyeuse, plate et fangeuse, souvent embrum\u00e9e, que ce palais blanc et irr\u00e9el surgit des marais. Le plan de l&rsquo;\u00e9difice est celui d&rsquo;un ch\u00e2teau fort de plaine. Il comporte une vaste enceinte rectangulaire, cantonn\u00e9e de tours rondes, sur un c\u00f4t\u00e9 de laquelle s&rsquo;\u00e9rige un donjon. Ce dernier poss\u00e8de des proportions colossales, et constitue \u00e0 lui seul le ch\u00e2teau presque entier. L&rsquo;ensemble d\u00e9gage toutefois un profond sentiment de majest\u00e9, et la clart\u00e9 g\u00e9om\u00e9trique du plan, l&rsquo;harmonie des proportions et la fantaisie de ses toitures h\u00e9riss\u00e9es de tourelles, de chemin\u00e9es et de lucarnes vertigineuses furent, \u00e0 travers les si\u00e8cles, autant de sources d&rsquo;\u00e9merveillement. Selon Alfred de Vigny, \u00a0\u00bb \u2026on con\u00e7oit \u00e0 peine comment les plans furent trac\u00e9s\u2026 c&rsquo;est un songe r\u00e9alis\u00e9 \u00ab\u00a0.<\/p>\n\n\n\n<p>1800 ouvriers, dit-on, \u0153uvr\u00e8rent \u00e0 la construction de Chambord, \u00e0 partir de 1519 et pendant plus de trente ans. Si l&rsquo;ombre de L\u00e9onard de Vinci &#8211; ami du roi et \u00a0\u00bb architecteur \u00a0\u00bb officiel qui mourut quelques mois avant l&rsquo;ouverture du chantier &#8211; plane sur l&rsquo;\u00e9tonnant escalier \u00e0 double r\u00e9volution, on ne conna\u00eet cependant pas l&rsquo;auteur de cette demeure \u00e9trange, \u00e0 la fois prodigieuse et inhabitable. Souverains et ambassadeurs Europ\u00e9ens l&rsquo;ont admir\u00e9e, et en rest\u00e8rent confondus. Fran\u00e7ois 1er, qui en r\u00eava, n&rsquo;y passa que quelques semaines, la laissant vide de meubles et d&rsquo;habitants apr\u00e8s chaque passage et, finalement, inachev\u00e9e\u2026 Faut-il donc y voir la volont\u00e9 du roi de France, face \u00e0 Charles Quint et Henri VIII d&rsquo;Angleterre, de s&rsquo;imposer dans une Europe changeante, une image donn\u00e9e de la centralisation du pouvoir qui s&rsquo;instaure alors ? Si Henri II (1519-1559) en poursuivit quelques temps les travaux, ceux-ci ne furent termin\u00e9s que sous le r\u00e8gne de Louis XIV (1638-1715), qui aima ce lieu prestigieux au point d&rsquo;y faire plusieurs s\u00e9jours ponctu\u00e9s de chasses, de ballets et des repr\u00e9sentations th\u00e9\u00e2trales de Moli\u00e8re.<\/p>\n\n\n\n<p>Par la suite, bien que rarement habit\u00e9, il conserva une fonction symbolique, repr\u00e9sentant ce qu&rsquo;un pouvoir absolu pouvait faire en mati\u00e8re de construction inutile, n\u00e9e de la seule fantaisie et du bon plaisir du souverain.&nbsp; Chambord devint alors le \u00ab\u00a0cadeau\u00a0\u00bb prestigieux et la r\u00e9sidence dont b\u00e9n\u00e9fici\u00e8rent de diverses mani\u00e8res les ducs d&rsquo;Orl\u00e9ans au XVII\u00e8me si\u00e8cle; Stanislas Leczcinski, beau p\u00e8re de Louis XV et roi de Pologne en exil, et le mar\u00e9chal Maurice de Saxe au XVIII\u00e8me si\u00e8cle et, au XIX\u00e8me si\u00e8cle, le mar\u00e9chal Berthier puis le duc de Bordeaux, devenu comte de Chambord.<\/p>\n\n\n\n<p>Propri\u00e9t\u00e9 de l&rsquo;Etat depuis 1932, cet \u00e9difice mythique accueille aujourd&rsquo;hui plus de 800 000 visiteurs par an.<\/p>\n\n\n\n<h3 class=\"wp-block-heading\">L&rsquo;histoire<\/h3>\n\n\n\n<h4 class=\"wp-block-heading\">Un mur qui cache la for\u00eat<\/h4>\n\n\n\n<p>Ce domaine de 5440 ha, ceintur\u00e9 d&rsquo;un mur de 32 km, est le plus grand parc forestier clos d&rsquo;Europe. Il est pratiquement l&rsquo;\u00e9quivalent, en surface, de la ville de Paris ( boulevard des Mar\u00e9chaux). La construction du mur, commenc\u00e9e \u00e0 la fin du r\u00e8gne de Fran\u00e7ois Ier (1542), se termine sous Gaston d&rsquo;Orl\u00e9ans, fr\u00e8re de Louis XIII (1645). Parfaitement entretenu aujourd&rsquo;hui, il constitue une barri\u00e8re infranchissable pour la grande faune : six portes y ont \u00e9t\u00e9 conserv\u00e9es pour la circulation des personnes.<\/p>\n\n\n\n<h4 class=\"wp-block-heading\">Une for\u00eat marqu\u00e9e par l&rsquo;histoire<\/h4>\n\n\n\n<p>Le domaine a connu une multitude de propri\u00e9taires ou d&rsquo;usufruitiers ayant eu des actions foresti\u00e8res plus ou moins heureuses. La for\u00eat, pour une grande partie, est tr\u00e8s r\u00e9cente puisqu&rsquo;en 1820, plus de la moiti\u00e9 de la surface du parc n&rsquo;\u00e9tait pas bois\u00e9e : 23 fermes, landes et mar\u00e9cages dominaient dans la moiti\u00e9 nord du domaine.<\/p>\n\n\n\n<h4 class=\"wp-block-heading\">Une r\u00e9serve de faune sauvage<\/h4>\n\n\n\n<p>Fran\u00e7ois Ier venait chasser le cerf sur ce territoire. Cette haute tradition cyn\u00e9g\u00e9tique s&rsquo;est prolong\u00e9e jusqu&rsquo;\u00e0 nos jours. Class\u00e9 r\u00e9serve nationale de chasse et de faune sauvage en 1947, le domaine abrite aujourd&rsquo;hui, en nombre, tous les repr\u00e9sentants de la faune de Sologne, dont le cerf et le sanglier sont, \u00e0 Chambord, les esp\u00e8ces embl\u00e9matiques.<\/p>\n\n\n\n<h3 class=\"wp-block-heading\">Le milieu<\/h3>\n\n\n\n<h4 class=\"wp-block-heading\">Un sol de Sologne<\/h4>\n\n\n\n<p>En limite de Sologne, Chambord repose sur des sols qui vont du sable \u00e0 l&rsquo;argile et g\u00e9n\u00e8rent une v\u00e9g\u00e9tation pauvre. Le calcaire n&rsquo;apparait que discr\u00e8tement dans la partie nord ouest du domaine.<\/p>\n\n\n\n<h4 class=\"wp-block-heading\">De l&rsquo;eau en abondance<\/h4>\n\n\n\n<p>Alli\u00e9e \u00e0 un relief plat, cette forte pr\u00e9sence d&rsquo;argile maintient de l&rsquo;eau en abondance : mar\u00e9cages, mares et \u00e9tangs, sont reli\u00e9s \u00e0 la rivi\u00e8re, le Cosson, pour dessiner un r\u00e9seau hydrographique tr\u00e8s dense<\/p>\n\n\n\n<h4 class=\"wp-block-heading\">Une for\u00eat de lumi\u00e8re<\/h4>\n\n\n\n<p>Aujourd&rsquo;hui, \u00e0 l&rsquo;exception de 200 ha de terres agricoles, de 160 ha de prairies \u00e0 gibier et des 150 ha d&#8217;emprise du village, l&rsquo;ensemble est couvert de ch\u00eanes et pins sylvestres de qualit\u00e9 variable . Futaies, taillis sous futaie, landes \u00e0 bruy\u00e8re ou \u00e0 gen\u00eat, \u00e9tangs et mar\u00e9cages se c\u00f4toient pour le plaisir des yeux et le bien-\u00eatre des animaux qui trouvent dans ces peuplements clairi\u00e9r\u00e9s un biotope tr\u00e8s favorable.<\/p>\n\n\n\n<h4 class=\"wp-block-heading\">Une gestion sp\u00e9cifique<\/h4>\n\n\n\n<p>Les objectifs principaux assign\u00e9s \u00e0 la for\u00eat sont la recherche d&rsquo;une grande qualit\u00e9 paysag\u00e8re et la conservation des milieux naturels et des esp\u00e8ces, dont une population importante de grands ongul\u00e9s. Les objectifs associ\u00e9s sont l&rsquo;accueil du public et la production de bois.<\/p>\n\n\n\n<h4 class=\"wp-block-heading\">La flore<\/h4>\n\n\n\n<p>Chambord poss\u00e8de sur son territoire 650 esp\u00e8ces v\u00e9g\u00e9tales spontan\u00e9es dont 150 remarquables, essentiellement inf\u00e9od\u00e9es aux milieux aquatiques et humides au sens large. Une seule cependant, l&rsquo;Uronium natans, rel\u00e8ve de l&rsquo;annexe II de la directive europ\u00e9enne \u00a0\u00bb habitat, faune, flore \u00ab\u00a0. &nbsp;&nbsp;&nbsp;&nbsp;<\/p>\n\n\n\n<h4 class=\"wp-block-heading\">La faune<\/h4>\n\n\n\n<p><em>Le cerf , figure embl\u00e9matique de la r\u00e9serve<\/em>&nbsp;: Le cerf a toujours subsist\u00e9 en nombre \u00e0 travers les si\u00e8cles. C&rsquo;est l&rsquo;esp\u00e8ce la mieux repr\u00e9sent\u00e9e. Si ce n&rsquo;avait pas \u00e9t\u00e9 le cas au XVI\u00e8me si\u00e8cle, Fran\u00e7ois Ier n&rsquo;aurait certainement pas choisi ce lieu. Aujourd&rsquo;hui, les cerfs sont maintenus en grand nombre (700 adultes) pour faciliter les observations par le public et les captures au filet (panneautages).<\/p>\n\n\n\n<p><em>Le sanglier d\u00e9cha\u00eene les passions<\/em>&nbsp;: Au cours de l&rsquo;histoire de Chambord, le sanglier a connu diverses fortunes. Tr\u00e8s pris\u00e9 par le fougueux Mar\u00e9chal de Saxe qui aimait le chasser, il fut jug\u00e9 ind\u00e9sirable par les princes de Bourbon Parme qui pr\u00e9f\u00e9raient le petit gibier. Aujourd&rsquo;hui, la population est maintenue \u00e0 un niveau tr\u00e8s \u00e9lev\u00e9 (600 adultes) pour l&rsquo;observation par le public et l&rsquo;organisation de chasses de prestige.<\/p>\n\n\n\n<p><em>Le chevreuil , un h\u00f4te discret<\/em>&nbsp;: contrairement \u00e0 beaucoup d&rsquo;autres territoires, le chevreuil est tr\u00e8s peu repr\u00e9sent\u00e9 \u00e0 Chambord (100 adultes).<\/p>\n\n\n\n<p><em>Le mouflon de Corse, l&rsquo;inattendu&nbsp;<\/em>&nbsp;: Le mouflon de Corse, esp\u00e8ce non autochtone, fut introduite en 1950 pour constituer des populations dans diverses r\u00e9gions montagneuses fran\u00e7aises. Il est d\u00e9sormais maintenu \u00e0 Chambord dans un but scientifique (40 adultes).<\/p>\n\n\n\n<p><em>Les autres esp\u00e8ces<\/em>&nbsp;: On trouve \u00e9galement toute la liste des animaux forestiers r\u00e9gionaux. La population d&rsquo;oiseaux est tr\u00e8s riche : 150 esp\u00e8ces dont 12 sont class\u00e9s dans l&rsquo;annexe I de la directive europ\u00e9enne \u00a0\u00bb oiseaux \u00ab\u00a0. 7 esp\u00e8ces animales sont class\u00e9es dans l&rsquo;annexe II de la directive europ\u00e9enne \u00a0\u00bb habitats, faune, flore \u00a0\u00bb : chauve-souris, triton, libellule. La salamandre y est observ\u00e9e quelquefois.<\/p>\n\n\n\n<h4 class=\"wp-block-heading\">Un vrai laboratoire grandeur nature<\/h4>\n\n\n\n<p>Cette exceptionnelle richesse, la bonne ma\u00eetrise des populations et les moyens humains d\u00e9ploy\u00e9s pour la gestion font de Chambord un p\u00f4le d&rsquo;excellence pour la connaissance de la faune.&nbsp;&nbsp;&nbsp;&nbsp;<\/p>\n\n\n\n<h3 class=\"wp-block-heading\">La chasse<\/h3>\n\n\n\n<h4 class=\"wp-block-heading\">\u00ab\u00a0Les Panneautages \u00ab\u00a0, captures de cerfs vivants aux fins de repeuplement<\/h4>\n\n\n\n<p>Le panneautage est le proc\u00e9d\u00e9 qui permet de capturer les cerfs vivants gr\u00e2ce \u00e0 des filets appel\u00e9s \u00a0\u00bb panneaux \u00ab\u00a0. Depuis 1947, il a \u00e9t\u00e9 captur\u00e9 plus de 4 000 animaux dans le but de peupler ou de repeupler grand nombre de territoires fran\u00e7ais. Ce mode de pr\u00e9l\u00e8vement est la base de la r\u00e9gulation du cerf.&nbsp; Il est compl\u00e9t\u00e9 par des tirs s\u00e9lectifs \u00e0 l&rsquo;aff\u00fbt ou \u00e0 l&rsquo;approche afin de r\u00e9aliser le plan de chasse qui permet de maintenir l&rsquo;\u00e9quilibre for\u00eat-gibier.<\/p>\n\n\n\n<h4 class=\"wp-block-heading\">Les battues officielles de sangliers, maintien d&rsquo;une haute tradition cyn\u00e9g\u00e9tique<\/h4>\n\n\n\n<p>Le sanglier est une esp\u00e8ce prolifique qui n\u00e9cessite une r\u00e9gulation faite au cours de 13 battues annuelles. Ces chasses officielles&nbsp; (Office national des for\u00eats, Office national de la chasse, pr\u00e9fecture et habitants de Chambord, jeunes laur\u00e9ats du permis de chasser) sont des battues organis\u00e9es suivant des rites parfaitement&nbsp; rod\u00e9s o\u00f9 priment rigueur et s\u00e9curit\u00e9, dans la plus pure \u00e9thique cyn\u00e9g\u00e9tique.<\/p>\n\n\n\n<h3 class=\"wp-block-heading\">Une gestion foresti\u00e8re vou\u00e9e \u00e0 la grande faune<\/h3>\n\n\n\n<p>La vocation cyn\u00e9g\u00e9tique de Chambord n&rsquo;a jamais \u00e9t\u00e9 remise en question et a \u00e9t\u00e9 transcrite, depuis que l&rsquo;Etat est propri\u00e9taire, dans les orientations de gestion du parc forestier.&nbsp; Un plan d&rsquo;am\u00e9nagement d&rsquo;une dur\u00e9e de 15 ans (1997-2011), approuv\u00e9 par le ministre de l&rsquo;Agriculture, pr\u00e9cise ces orientations.&nbsp; La gestion foresti\u00e8re proprement dite est ax\u00e9e prioritairement sur la qualit\u00e9 paysag\u00e8re et la conservation des milieux naturels et des esp\u00e8ces, dont une population importante de grands ongul\u00e9s. Deux autres objectifs y sont associ\u00e9s : l&rsquo;accueil du public et la production de bois. Ainsi, une zone est \u00e9quip\u00e9e pour l&rsquo;accueil du public, une autre dont l&rsquo;acc\u00e8s est interdit, est exclusivement r\u00e9serv\u00e9e \u00e0 la faune.<\/p>\n\n\n\n<h4 class=\"wp-block-heading\">Maintien du taillis sous futaie sur 2 513 ha<\/h4>\n\n\n\n<p>C&rsquo;est le r\u00e9gime le mieux adapt\u00e9 aux grands ongul\u00e9s. Il consiste \u00e0 couper le taillis tous les trente ans en conservant les grands arbres de futaie. Aujourd&rsquo;hui, les coupes de taillis sous futaie (TSF) s&rsquo;effectuent \u00e0 un rythme de 90 ha par an, alors qu&rsquo;elles avaient \u00e9t\u00e9 interdites entre 1950 et 1970. 1 800 ha ont \u00e9t\u00e9 parcourus en coupes depuis 1970 et 560 ha sont prot\u00e9g\u00e9s de la dent des cervid\u00e9s par des engrillagements. La densit\u00e9 des cerfs est en effet telle, que toute op\u00e9ration sylvicole de r\u00e9g\u00e9n\u00e9ration n\u00e9cessite une protection temporaire de 7 \u00e0 9 ans par un grillage de deux m\u00e8tres de hauteur.&nbsp; Dans un souci d&rsquo;efficacit\u00e9, les blocs r\u00e9g\u00e9n\u00e9r\u00e9s et engrillag\u00e9s font en moyenne 40 \u00e0 50 ha.<\/p>\n\n\n\n<p>Ces coupes de TSF restent encore prioritaires mais les futaies r\u00e9sineuses (1 786 ha) ne devraient plus tarder \u00e0 \u00eatre r\u00e9g\u00e9n\u00e9r\u00e9es. Quant aux futaies feuillues (709 ha), elles sont encore bienvenantes.<\/p>\n\n\n\n<h4 class=\"wp-block-heading\">Le retour en force du feuillu<\/h4>\n\n\n\n<p>L&rsquo;essentiel des plantations des terres agricoles ou d&rsquo;enrichissement de peuplements r\u00e9sineux ou d\u00e9grad\u00e9s s&rsquo;effectuent en feuillus. Le r\u00e9sineux n&rsquo;est plant\u00e9 que l\u00e0 o\u00f9, \u00e9cologiquement ou esth\u00e9tiquement, il doit \u00eatre mis en place.&nbsp; Depuis 1969, 220 ha ont \u00e9t\u00e9 plant\u00e9s dont :&nbsp;<\/p>\n\n\n\n<ul class=\"wp-block-list\"><li>152 ha en ch\u00eane commun,<\/li><li>25 ha en ch\u00eane rouge d&rsquo;Am\u00e9rique,<\/li><li>16 ha en pin sylvestre.<\/li><\/ul>\n\n\n\n<p>De nombreux arbres d&rsquo;ornement ou fruitiers de haute tige ont \u00e9t\u00e9 plant\u00e9s dans les zones d&rsquo;accueil du public, ou en enrichissement dans les peuplements forestiers. Ces plantations doivent \u00e9galement \u00eatre prot\u00e9g\u00e9es de la dent du gibier.<\/p>\n\n\n\n<h4 class=\"wp-block-heading\">L&rsquo;am\u00e9lioration des peuplements r\u00e9sineux : d&rsquo;indispensables \u00e9claircies<\/h4>\n\n\n\n<p>Des importants reboisements r\u00e9sineux effectu\u00e9s aux environs des ann\u00e9es 1950, ne subsistent aujourd&rsquo;hui que 670 hectares. Depuis 1980, un gros effort a \u00e9t\u00e9 r\u00e9alis\u00e9 dans ces peuplements fragiles pour effectuer et terminer les premi\u00e8res coupes d&rsquo;\u00e9claircie. Aujourd&rsquo;hui, ces peuplements sont soumis \u00e0 une sylviculture dynamique, indispensable \u00e0 la croissance des arbres, mais \u00e9galement tr\u00e8s favorable \u00e0 l&rsquo;enrichissement du milieu et de la biodiversit\u00e9.<\/p>\n\n\n\n<h4 class=\"wp-block-heading\">Une sylviculture de compromis<\/h4>\n\n\n\n<p>Concilier sylviculture et forte densit\u00e9 de grands ongul\u00e9s n&rsquo;est pas chose facile. Lorsqu&rsquo;interf\u00e8rent, en outre, des contraintes paysag\u00e8res, cyn\u00e9g\u00e9tiques, et d&rsquo;accueil du public, la t\u00e2che des forestiers devient complexe. Aussi, la majeure partie des coupes est-elle r\u00e9alis\u00e9e en r\u00e9gie par les ouvriers du domaine, exception faite des coupes de taillis, qui, chaque hiver, rassemblent 150 adjudicataires qui, en famille, fa\u00e7onnent leur bois de chauffage pour leur propre consommation et dont le r\u00f4le social n&rsquo;est pas n\u00e9gligeable. 1000 ha de la r\u00e9serve nationale de Chambord sont ouverts \u00e0 la promenade et \u00e0 l&rsquo;observation d&rsquo;animaux en libert\u00e9 gr\u00e2ce \u00e0 des miradors ouverts au public; un plan de la zone ouverte est disponible sur place.&nbsp;<\/p>\n\n\n\n<figure class=\"wp-block-embed\"><div class=\"wp-block-embed__wrapper\">\nhttp:\/\/www.solitaireardennais.be\/press\/article_det.php?TimeStamp=1197358513&#038;IS=99\n<\/div><\/figure>\n","protected":false},"excerpt":{"rendered":"","protected":false},"author":2,"featured_media":256,"comment_status":"closed","ping_status":"closed","sticky":false,"template":"","format":"standard","meta":{"footnotes":""},"categories":[17,16],"tags":[],"class_list":["post-253","post","type-post","status-publish","format-standard","has-post-thumbnail","hentry","category-chambord","category-decouverte"],"yoast_head":"<!-- This site is optimized with the Yoast SEO plugin v26.3 - https:\/\/yoast.com\/wordpress\/plugins\/seo\/ -->\n<title>CHAMBORD : Le ch\u00e2teau, la for\u00eat et la faune vous r\u00e9v\u00e8lent leurs secrets\u2026 - Mon nikon et moi<\/title>\n<meta name=\"robots\" content=\"index, follow, max-snippet:-1, max-image-preview:large, max-video-preview:-1\" \/>\n<link rel=\"canonical\" href=\"https:\/\/monnikonetmoi.be\/index.php\/2007\/01\/29\/chambord-le-chateau-la-foret-et-la-faune-vous-revelent-leurs-secrets\/\" \/>\n<meta property=\"og:locale\" content=\"fr_FR\" \/>\n<meta property=\"og:type\" content=\"article\" \/>\n<meta property=\"og:title\" content=\"CHAMBORD : Le ch\u00e2teau, la for\u00eat et la faune vous r\u00e9v\u00e8lent leurs secrets\u2026 - Mon nikon et moi\" \/>\n<meta property=\"og:url\" content=\"https:\/\/monnikonetmoi.be\/index.php\/2007\/01\/29\/chambord-le-chateau-la-foret-et-la-faune-vous-revelent-leurs-secrets\/\" \/>\n<meta property=\"og:site_name\" content=\"Mon nikon et moi\" \/>\n<meta property=\"article:published_time\" content=\"2007-01-29T07:44:41+00:00\" \/>\n<meta property=\"article:modified_time\" content=\"2019-12-07T10:46:22+00:00\" \/>\n<meta property=\"og:image\" content=\"https:\/\/monnikonetmoi.be\/wp-content\/uploads\/2019\/01\/chambord01.jpg\" \/>\n\t<meta property=\"og:image:width\" content=\"300\" \/>\n\t<meta property=\"og:image:height\" content=\"228\" \/>\n\t<meta property=\"og:image:type\" content=\"image\/jpeg\" \/>\n<meta name=\"author\" content=\"Jean Comp\u00e8re\" \/>\n<meta name=\"twitter:card\" content=\"summary_large_image\" \/>\n<meta name=\"twitter:label1\" content=\"\u00c9crit par\" \/>\n\t<meta name=\"twitter:data1\" content=\"Jean Comp\u00e8re\" \/>\n\t<meta name=\"twitter:label2\" content=\"Dur\u00e9e de lecture estim\u00e9e\" \/>\n\t<meta name=\"twitter:data2\" content=\"11 minutes\" \/>\n<script type=\"application\/ld+json\" class=\"yoast-schema-graph\">{\"@context\":\"https:\/\/schema.org\",\"@graph\":[{\"@type\":\"WebPage\",\"@id\":\"https:\/\/monnikonetmoi.be\/index.php\/2007\/01\/29\/chambord-le-chateau-la-foret-et-la-faune-vous-revelent-leurs-secrets\/\",\"url\":\"https:\/\/monnikonetmoi.be\/index.php\/2007\/01\/29\/chambord-le-chateau-la-foret-et-la-faune-vous-revelent-leurs-secrets\/\",\"name\":\"CHAMBORD : Le ch\u00e2teau, la for\u00eat et la faune vous r\u00e9v\u00e8lent leurs secrets\u2026 - Mon nikon et moi\",\"isPartOf\":{\"@id\":\"https:\/\/monnikonetmoi.be\/#website\"},\"primaryImageOfPage\":{\"@id\":\"https:\/\/monnikonetmoi.be\/index.php\/2007\/01\/29\/chambord-le-chateau-la-foret-et-la-faune-vous-revelent-leurs-secrets\/#primaryimage\"},\"image\":{\"@id\":\"https:\/\/monnikonetmoi.be\/index.php\/2007\/01\/29\/chambord-le-chateau-la-foret-et-la-faune-vous-revelent-leurs-secrets\/#primaryimage\"},\"thumbnailUrl\":\"https:\/\/monnikonetmoi.be\/wp-content\/uploads\/2019\/01\/chambord01.jpg\",\"datePublished\":\"2007-01-29T07:44:41+00:00\",\"dateModified\":\"2019-12-07T10:46:22+00:00\",\"author\":{\"@id\":\"https:\/\/monnikonetmoi.be\/#\/schema\/person\/c0c12b8362f003366cde20d3deff861b\"},\"breadcrumb\":{\"@id\":\"https:\/\/monnikonetmoi.be\/index.php\/2007\/01\/29\/chambord-le-chateau-la-foret-et-la-faune-vous-revelent-leurs-secrets\/#breadcrumb\"},\"inLanguage\":\"fr-FR\",\"potentialAction\":[{\"@type\":\"ReadAction\",\"target\":[\"https:\/\/monnikonetmoi.be\/index.php\/2007\/01\/29\/chambord-le-chateau-la-foret-et-la-faune-vous-revelent-leurs-secrets\/\"]}]},{\"@type\":\"ImageObject\",\"inLanguage\":\"fr-FR\",\"@id\":\"https:\/\/monnikonetmoi.be\/index.php\/2007\/01\/29\/chambord-le-chateau-la-foret-et-la-faune-vous-revelent-leurs-secrets\/#primaryimage\",\"url\":\"https:\/\/monnikonetmoi.be\/wp-content\/uploads\/2019\/01\/chambord01.jpg\",\"contentUrl\":\"https:\/\/monnikonetmoi.be\/wp-content\/uploads\/2019\/01\/chambord01.jpg\",\"width\":300,\"height\":228},{\"@type\":\"BreadcrumbList\",\"@id\":\"https:\/\/monnikonetmoi.be\/index.php\/2007\/01\/29\/chambord-le-chateau-la-foret-et-la-faune-vous-revelent-leurs-secrets\/#breadcrumb\",\"itemListElement\":[{\"@type\":\"ListItem\",\"position\":1,\"name\":\"Accueil\",\"item\":\"https:\/\/monnikonetmoi.be\/\"},{\"@type\":\"ListItem\",\"position\":2,\"name\":\"CHAMBORD : Le ch\u00e2teau, la for\u00eat et la faune vous r\u00e9v\u00e8lent leurs secrets\u2026\"}]},{\"@type\":\"WebSite\",\"@id\":\"https:\/\/monnikonetmoi.be\/#website\",\"url\":\"https:\/\/monnikonetmoi.be\/\",\"name\":\"Mon nikon et moi\",\"description\":\"Les aventures d&#039;un photographe animalier\",\"potentialAction\":[{\"@type\":\"SearchAction\",\"target\":{\"@type\":\"EntryPoint\",\"urlTemplate\":\"https:\/\/monnikonetmoi.be\/?s={search_term_string}\"},\"query-input\":{\"@type\":\"PropertyValueSpecification\",\"valueRequired\":true,\"valueName\":\"search_term_string\"}}],\"inLanguage\":\"fr-FR\"},{\"@type\":\"Person\",\"@id\":\"https:\/\/monnikonetmoi.be\/#\/schema\/person\/c0c12b8362f003366cde20d3deff861b\",\"name\":\"Jean Comp\u00e8re\",\"image\":{\"@type\":\"ImageObject\",\"inLanguage\":\"fr-FR\",\"@id\":\"https:\/\/monnikonetmoi.be\/#\/schema\/person\/image\/\",\"url\":\"https:\/\/secure.gravatar.com\/avatar\/22db0e43f0f245f045b089dafa1adfe01f1d64730855108a83490b17e47aa237?s=96&r=g\",\"contentUrl\":\"https:\/\/secure.gravatar.com\/avatar\/22db0e43f0f245f045b089dafa1adfe01f1d64730855108a83490b17e47aa237?s=96&r=g\",\"caption\":\"Jean Comp\u00e8re\"},\"description\":\"N\u00e9 le 18 octobre 1949 en bordure de Vesdre, aux portes de l'Ardenne, ayant d\u00e9couvert la chasse \u00e0 34 ans, en 1983, particuli\u00e8rement au grand gibier en Ardenne. Au fil des ans, le Nikon s'est de plus en plus substitu\u00e9 \u00e0 la carabine, en fait depuis le d\u00e9but des ann\u00e9es 2000, \u00e0 Chambord et en Sologne surtout, o\u00f9 on trouve des infrastructures publiques d'accueil faisant d\u00e9faut en Wallonie... comme partout ailleurs \u00e0 ma connaissance. Sans aucune ambition artistique, mon but n'est que d'immortaliser des rencontres documentaires en esp\u00e9rant vous les faire partager, voire appr\u00e9cier !\",\"url\":\"https:\/\/monnikonetmoi.be\/index.php\/author\/nikon_user\/\"}]}<\/script>\n<!-- \/ Yoast SEO plugin. -->","yoast_head_json":{"title":"CHAMBORD : Le ch\u00e2teau, la for\u00eat et la faune vous r\u00e9v\u00e8lent leurs secrets\u2026 - Mon nikon et moi","robots":{"index":"index","follow":"follow","max-snippet":"max-snippet:-1","max-image-preview":"max-image-preview:large","max-video-preview":"max-video-preview:-1"},"canonical":"https:\/\/monnikonetmoi.be\/index.php\/2007\/01\/29\/chambord-le-chateau-la-foret-et-la-faune-vous-revelent-leurs-secrets\/","og_locale":"fr_FR","og_type":"article","og_title":"CHAMBORD : Le ch\u00e2teau, la for\u00eat et la faune vous r\u00e9v\u00e8lent leurs secrets\u2026 - Mon nikon et moi","og_url":"https:\/\/monnikonetmoi.be\/index.php\/2007\/01\/29\/chambord-le-chateau-la-foret-et-la-faune-vous-revelent-leurs-secrets\/","og_site_name":"Mon nikon et moi","article_published_time":"2007-01-29T07:44:41+00:00","article_modified_time":"2019-12-07T10:46:22+00:00","og_image":[{"width":300,"height":228,"url":"https:\/\/monnikonetmoi.be\/wp-content\/uploads\/2019\/01\/chambord01.jpg","type":"image\/jpeg"}],"author":"Jean Comp\u00e8re","twitter_card":"summary_large_image","twitter_misc":{"\u00c9crit par":"Jean Comp\u00e8re","Dur\u00e9e de lecture estim\u00e9e":"11 minutes"},"schema":{"@context":"https:\/\/schema.org","@graph":[{"@type":"WebPage","@id":"https:\/\/monnikonetmoi.be\/index.php\/2007\/01\/29\/chambord-le-chateau-la-foret-et-la-faune-vous-revelent-leurs-secrets\/","url":"https:\/\/monnikonetmoi.be\/index.php\/2007\/01\/29\/chambord-le-chateau-la-foret-et-la-faune-vous-revelent-leurs-secrets\/","name":"CHAMBORD : Le ch\u00e2teau, la for\u00eat et la faune vous r\u00e9v\u00e8lent leurs secrets\u2026 - Mon nikon et moi","isPartOf":{"@id":"https:\/\/monnikonetmoi.be\/#website"},"primaryImageOfPage":{"@id":"https:\/\/monnikonetmoi.be\/index.php\/2007\/01\/29\/chambord-le-chateau-la-foret-et-la-faune-vous-revelent-leurs-secrets\/#primaryimage"},"image":{"@id":"https:\/\/monnikonetmoi.be\/index.php\/2007\/01\/29\/chambord-le-chateau-la-foret-et-la-faune-vous-revelent-leurs-secrets\/#primaryimage"},"thumbnailUrl":"https:\/\/monnikonetmoi.be\/wp-content\/uploads\/2019\/01\/chambord01.jpg","datePublished":"2007-01-29T07:44:41+00:00","dateModified":"2019-12-07T10:46:22+00:00","author":{"@id":"https:\/\/monnikonetmoi.be\/#\/schema\/person\/c0c12b8362f003366cde20d3deff861b"},"breadcrumb":{"@id":"https:\/\/monnikonetmoi.be\/index.php\/2007\/01\/29\/chambord-le-chateau-la-foret-et-la-faune-vous-revelent-leurs-secrets\/#breadcrumb"},"inLanguage":"fr-FR","potentialAction":[{"@type":"ReadAction","target":["https:\/\/monnikonetmoi.be\/index.php\/2007\/01\/29\/chambord-le-chateau-la-foret-et-la-faune-vous-revelent-leurs-secrets\/"]}]},{"@type":"ImageObject","inLanguage":"fr-FR","@id":"https:\/\/monnikonetmoi.be\/index.php\/2007\/01\/29\/chambord-le-chateau-la-foret-et-la-faune-vous-revelent-leurs-secrets\/#primaryimage","url":"https:\/\/monnikonetmoi.be\/wp-content\/uploads\/2019\/01\/chambord01.jpg","contentUrl":"https:\/\/monnikonetmoi.be\/wp-content\/uploads\/2019\/01\/chambord01.jpg","width":300,"height":228},{"@type":"BreadcrumbList","@id":"https:\/\/monnikonetmoi.be\/index.php\/2007\/01\/29\/chambord-le-chateau-la-foret-et-la-faune-vous-revelent-leurs-secrets\/#breadcrumb","itemListElement":[{"@type":"ListItem","position":1,"name":"Accueil","item":"https:\/\/monnikonetmoi.be\/"},{"@type":"ListItem","position":2,"name":"CHAMBORD : Le ch\u00e2teau, la for\u00eat et la faune vous r\u00e9v\u00e8lent leurs secrets\u2026"}]},{"@type":"WebSite","@id":"https:\/\/monnikonetmoi.be\/#website","url":"https:\/\/monnikonetmoi.be\/","name":"Mon nikon et moi","description":"Les aventures d&#039;un photographe animalier","potentialAction":[{"@type":"SearchAction","target":{"@type":"EntryPoint","urlTemplate":"https:\/\/monnikonetmoi.be\/?s={search_term_string}"},"query-input":{"@type":"PropertyValueSpecification","valueRequired":true,"valueName":"search_term_string"}}],"inLanguage":"fr-FR"},{"@type":"Person","@id":"https:\/\/monnikonetmoi.be\/#\/schema\/person\/c0c12b8362f003366cde20d3deff861b","name":"Jean Comp\u00e8re","image":{"@type":"ImageObject","inLanguage":"fr-FR","@id":"https:\/\/monnikonetmoi.be\/#\/schema\/person\/image\/","url":"https:\/\/secure.gravatar.com\/avatar\/22db0e43f0f245f045b089dafa1adfe01f1d64730855108a83490b17e47aa237?s=96&r=g","contentUrl":"https:\/\/secure.gravatar.com\/avatar\/22db0e43f0f245f045b089dafa1adfe01f1d64730855108a83490b17e47aa237?s=96&r=g","caption":"Jean Comp\u00e8re"},"description":"N\u00e9 le 18 octobre 1949 en bordure de Vesdre, aux portes de l'Ardenne, ayant d\u00e9couvert la chasse \u00e0 34 ans, en 1983, particuli\u00e8rement au grand gibier en Ardenne. Au fil des ans, le Nikon s'est de plus en plus substitu\u00e9 \u00e0 la carabine, en fait depuis le d\u00e9but des ann\u00e9es 2000, \u00e0 Chambord et en Sologne surtout, o\u00f9 on trouve des infrastructures publiques d'accueil faisant d\u00e9faut en Wallonie... comme partout ailleurs \u00e0 ma connaissance. Sans aucune ambition artistique, mon but n'est que d'immortaliser des rencontres documentaires en esp\u00e9rant vous les faire partager, voire appr\u00e9cier !","url":"https:\/\/monnikonetmoi.be\/index.php\/author\/nikon_user\/"}]}},"_links":{"self":[{"href":"https:\/\/monnikonetmoi.be\/index.php\/wp-json\/wp\/v2\/posts\/253","targetHints":{"allow":["GET"]}}],"collection":[{"href":"https:\/\/monnikonetmoi.be\/index.php\/wp-json\/wp\/v2\/posts"}],"about":[{"href":"https:\/\/monnikonetmoi.be\/index.php\/wp-json\/wp\/v2\/types\/post"}],"author":[{"embeddable":true,"href":"https:\/\/monnikonetmoi.be\/index.php\/wp-json\/wp\/v2\/users\/2"}],"replies":[{"embeddable":true,"href":"https:\/\/monnikonetmoi.be\/index.php\/wp-json\/wp\/v2\/comments?post=253"}],"version-history":[{"count":3,"href":"https:\/\/monnikonetmoi.be\/index.php\/wp-json\/wp\/v2\/posts\/253\/revisions"}],"predecessor-version":[{"id":896,"href":"https:\/\/monnikonetmoi.be\/index.php\/wp-json\/wp\/v2\/posts\/253\/revisions\/896"}],"wp:featuredmedia":[{"embeddable":true,"href":"https:\/\/monnikonetmoi.be\/index.php\/wp-json\/wp\/v2\/media\/256"}],"wp:attachment":[{"href":"https:\/\/monnikonetmoi.be\/index.php\/wp-json\/wp\/v2\/media?parent=253"}],"wp:term":[{"taxonomy":"category","embeddable":true,"href":"https:\/\/monnikonetmoi.be\/index.php\/wp-json\/wp\/v2\/categories?post=253"},{"taxonomy":"post_tag","embeddable":true,"href":"https:\/\/monnikonetmoi.be\/index.php\/wp-json\/wp\/v2\/tags?post=253"}],"curies":[{"name":"wp","href":"https:\/\/api.w.org\/{rel}","templated":true}]}}